{"id":1415,"date":"2014-08-07T00:00:57","date_gmt":"2014-08-06T22:00:57","guid":{"rendered":"http:\/\/www.ciclopanamericana.ch\/?p=1415"},"modified":"2014-08-07T00:00:57","modified_gmt":"2014-08-06T22:00:57","slug":"figueres-spanien-seyssel-frankreich-30-07-2014-06-08-2014","status":"publish","type":"post","link":"https:\/\/www.ciclopanamericana.ch\/?p=1415","title":{"rendered":"Figueres, Spanien &#8211; Seyssel, Frankreich (30.07.2014 &#8211; 06.08.2014)"},"content":{"rendered":"<p><strong>Figueres &#8211; Perpignan (64 km) &#8211; Sigean (66 km) &#8211; Montpellier (129 km) &#8211; La B\u00e9gude de Rochefort (100 km) &#8211; Mont\u00e9limar (79 km) &#8211; Bourg l\u00e8s Valence (53 km) &#8211; La C\u00f4te St. Andr\u00e9 (78 km) &#8211; Seyssel (116 km)<\/strong><\/p>\n<p>Nach zwei Ruhetagen sollte die Heimreise weitergehen. Erst musste ich aber nochmals in die Innenstadt, meine Visitenkarten und vor allem meine erweiterte Fahne abholen. Gleich nach dem Ortsausgang fuhr ich auch schon auf den Felgen. Das am Flughafen Madrid in den Reifen eingelegte Verst\u00e4rkungsband hielt zwar allf\u00e4llige Fremdgegenst\u00e4nde vom Schlauch fern, rieb aber wohl selbst daran und verursachte zwei L\u00f6cher! Kurz vor der Grenze hielt ich dann bei einer Tankstelle und entfernte auch das Band im Vorderrad. Den ganzen Tag k\u00e4mpfte ich gegen einen starken Wind. In der Hauptsteigung hatte ich aber Gl\u00fcck, die lag n\u00e4mlich zwischen H\u00e4usern windgesch\u00fctzt da. Irgendwann fuhr ich dann durch D\u00f6rfer mit franz\u00f6sischen Namen. Von der Grenz\u00fcberfahrt habe ich gar nichts mitbekommen. Am sp\u00e4ten Abend erreichte ich schliesslich Perpignan.<\/p>\n<p>Dem Meer entlang sollte es einen Fahrradweg geben. Das war Montpellier zwar ca. 20 km weiter, weckte in mir aber in Sachen Landschaft und Verkehr bessere Vorstellungen. So fuhr ich auf der Suche kreuz und quer durch die Gegend, fand schliesslich den Radweg und landete dann doch wieder auf einer normalen Strasse. So erreichte ich Sigean nach 66 km &#8211; auf direktem Weg w\u00e4ren es ca. 30 km gewesen! Die Signalisierungsfranzosen sind wohl mit den Signalisierungsspaniern gemeinsam in die Schule &#8211; wobei die Spanier eindeutig die Fensterpl\u00e4tze hatten. Dazu blies der Wind auch heute wieder kr\u00e4ftig. Beim Spucktest kam ich immerhin zur Mittellinie &#8211; kein Vergleich mit Patagonien, wo ich es \u00fcber beide Spuren und den Seitenstreifen ins Buschland schaffte! Ein Zimmer fand ich dann nicht und beim Campingplatz war nur bis 19.00 jemand anwesend. Variante 1: zelten und am n\u00e4chsten Morgen zahlen. Ich fand den Platz aber nicht so einladend, also Variante 2: weitersuchen. Nach kurzer Zeit hielt ein Auto, ich soll doch einfach hinter einer Hecke wild zelten, was ich dann auch tat. Die Hecke in L-Form sch\u00fctzte auf der einen Seite gegen die Strasse, auf der anderen gegen den Parkplatz des Campingplatzes.<\/p>\n<p>Am 1. August war ich dann bereits um 07.00 auf der Landstrasse. Heute hatte ich haupts\u00e4chlich R\u00fcckenwind. So hatte ich beim Zn\u00fcni bereits knapp 50 km hinter mir. So erreichte ich am Abend Montpellier. Den Nationalfeiertag beendete ich mit einem grossen Schinkensandwich.<\/p>\n<p>Nun wollte ich das Mittelmeer endg\u00fcltig verlassen. Erst musste ich aber noch auschecken und \u00fcber Nacht hatte der Angestellte an der Rezeption gewechselt. Ich kam mit s\u00e4mtlichem Gep\u00e4ck die Treppe runter und stellte die Sachen raus. Er ignorierte mich erst, lief dann aber hinterher und rief nur &#8220;Der Schl\u00fcssel!&#8221;. Ich h\u00e4tte eher sowas wie &#8220;Guten Tag&#8221; oder ein T\u00fcre aufhalten erwartet. Leider ist mein Franz\u00f6sisch beinahe vollst\u00e4ndig durch Spanisch abgel\u00f6st worden. Zugerne h\u00e4tte ich ihm gezeigt, welche tollen Ausdr\u00fccke ich in Guadalajara gelernt hatte! Dann folgte ich dem gr\u00fcnen Alle-Richtungen-Wegweiser, bis zwei \u00fcbermotivierte Polizei-T\u00f6ffli-Buben meinten, auf dieser Strasse k\u00f6nne ich nicht fahren, da sie erstens zweispurig sei und zweitens eine 90 km\/h-Beschr\u00e4nkung h\u00e4tte. Keine Ahnung, ob das stimmte, aber wohl eher nicht. Schliesslich ist die ganze Innenstadt zweispurig &#8211; und schneller als 90 w\u00e4re ich bestimmt auch nicht gefahren \ud83d\ude09 Etwas sp\u00e4ter fand ich das dann aber doch noch toll, ich war n\u00e4mlich nach S\u00fcden unterwegs, was einen ordentlichen Umweg bedeutet h\u00e4tte. Am Abend erreichte ich dann mein Zimmer und zum mobilen Pizzastand musste ich schon durch den str\u00f6menden Regen gehen.<\/p>\n<p>Die n\u00e4chsten Tage f\u00fchrten mich langsam Richtung Lyon. Ich traf einen pensionierten Deutschen, der auf seiner ersten Radtour in die Gegend von Narbonne unterwegs ist. Einen Tag sp\u00e4ter hielt ein Carlos aus Teneriffa am gleichen Supermarkt. Er war nach Ungarn, \u00d6sterreich, Deutschland und der Schweiz mittlerweile auch in Frankreich angekommen und wollte noch bis zu seinem Vater in Barcelona. In Valence machte ich eine l\u00e4ngere Pause. Ich musste mich f\u00fcr eine Richtung (Basel oder Genf) entscheiden. W\u00e4hrend ich die verschiedenen Optionen durchging, begann es auch schon zu regnen und so blieb ich einfach in einem Vorort.<\/p>\n<p>Die Gegend gefiel mir zunehmend besser. Nun ging es durch H\u00fcgelland mit vielen Feldern. Ein paar Meter nach der Abzweigung Richtung Genf war auch Kilometer 13&#8217;000 geschafft. Von La C\u00f4te St. Andr\u00e9 wollte ich erst \u00fcber einen H\u00fcgel und dann auf der n\u00f6rdlichen Seite daran entlang. Ich verpasste dummerweise mal wieder eine Abzweigung und fuhr deshalb zur\u00fcck auf die S\u00fcdseite. Trotzdem kam ich gut voran und nach kurzer Zeit erreichte ich die Via Rhona, den Radweg zwischen Genf und Marseille. Der Radweg ist zwar etwas l\u00e4nger, daf\u00fcr aber dem Fluss entlang haupts\u00e4chlich flach, verkehrsarm, gut beschildert und meistens ordentlich asphaltiert. Dazu kam noch ein helfender Wind und so flog ich richtiggehend nach Norden. Ich befand mich anscheinend auch schon seit einem Weilchen auf dem Pilgerweg nach Santiago de Compostela. So war das G\u00e4stehaus in Seyssel bereits voll und auf der Suche nach einem anderen Zimmer hielt ich am Zeltplatz.<\/p>\n<p>Noch fehlen ca. 50 km bis zur Schweizer Grenze. In Frankreich f\u00fchlte ich mich wesentlich wohler als in Spanien. Das Problem ist nur, dass ich mich nicht wirklich gut verst\u00e4ndigen kann.<\/p>\n<p>&nbsp;<\/p>\n","protected":false},"excerpt":{"rendered":"<p>Figueres &#8211; Perpignan (64 km) &#8211; Sigean (66 km) &#8211; Montpellier (129 km) &#8211; La B\u00e9gude de Rochefort (100 km) &#8211; Mont\u00e9limar (79 km) &#8211; Bourg l\u00e8s Valence (53 km) &#8211; La C\u00f4te St. Andr\u00e9 (78 km) &#8211; Seyssel (116 &hellip; <a href=\"https:\/\/www.ciclopanamericana.ch\/?p=1415\">Continue reading <span class=\"meta-nav\">&rarr;<\/span><\/a><\/p>\n","protected":false},"author":1,"featured_media":0,"comment_status":"closed","ping_status":"open","sticky":false,"template":"","format":"standard","meta":{"footnotes":""},"categories":[5],"tags":[],"class_list":["post-1415","post","type-post","status-publish","format-standard","hentry","category-reiseberichte","p1"],"_links":{"self":[{"href":"https:\/\/www.ciclopanamericana.ch\/index.php?rest_route=\/wp\/v2\/posts\/1415","targetHints":{"allow":["GET"]}}],"collection":[{"href":"https:\/\/www.ciclopanamericana.ch\/index.php?rest_route=\/wp\/v2\/posts"}],"about":[{"href":"https:\/\/www.ciclopanamericana.ch\/index.php?rest_route=\/wp\/v2\/types\/post"}],"author":[{"embeddable":true,"href":"https:\/\/www.ciclopanamericana.ch\/index.php?rest_route=\/wp\/v2\/users\/1"}],"replies":[{"embeddable":true,"href":"https:\/\/www.ciclopanamericana.ch\/index.php?rest_route=%2Fwp%2Fv2%2Fcomments&post=1415"}],"version-history":[{"count":1,"href":"https:\/\/www.ciclopanamericana.ch\/index.php?rest_route=\/wp\/v2\/posts\/1415\/revisions"}],"predecessor-version":[{"id":1422,"href":"https:\/\/www.ciclopanamericana.ch\/index.php?rest_route=\/wp\/v2\/posts\/1415\/revisions\/1422"}],"wp:attachment":[{"href":"https:\/\/www.ciclopanamericana.ch\/index.php?rest_route=%2Fwp%2Fv2%2Fmedia&parent=1415"}],"wp:term":[{"taxonomy":"category","embeddable":true,"href":"https:\/\/www.ciclopanamericana.ch\/index.php?rest_route=%2Fwp%2Fv2%2Fcategories&post=1415"},{"taxonomy":"post_tag","embeddable":true,"href":"https:\/\/www.ciclopanamericana.ch\/index.php?rest_route=%2Fwp%2Fv2%2Ftags&post=1415"}],"curies":[{"name":"wp","href":"https:\/\/api.w.org\/{rel}","templated":true}]}}